{"id":472,"count":2,"description":"Portug\u0101\u013cu vok\u0101ls","link":"https:\/\/audiowo.com\/lv\/language\/portugalu\/","name":"Portug\u0101\u013cu","slug":"portugalu","taxonomy":"language","meta":[],"acf":[],"_links":{"self":[{"href":"https:\/\/audiowo.com\/lv\/wp-json\/wp\/v2\/language\/472","targetHints":{"allow":["GET"]}}],"collection":[{"href":"https:\/\/audiowo.com\/lv\/wp-json\/wp\/v2\/language"}],"about":[{"href":"https:\/\/audiowo.com\/lv\/wp-json\/wp\/v2\/taxonomies\/language"}],"wp:post_type":[{"href":"https:\/\/audiowo.com\/lv\/wp-json\/wp\/v2\/track?language=472"}],"curies":[{"name":"wp","href":"https:\/\/api.w.org\/{rel}","templated":true}]}}