{"id":280,"count":12,"description":"Lat\u012b\u0146amerikas m\u016bzika","link":"https:\/\/audiowo.com\/lv\/track-category\/latinamerikas\/","name":"Lat\u012b\u0146amerikas","slug":"latinamerikas","taxonomy":"track-category","meta":[],"acf":[],"_links":{"self":[{"href":"https:\/\/audiowo.com\/lv\/wp-json\/wp\/v2\/track-category\/280","targetHints":{"allow":["GET"]}}],"collection":[{"href":"https:\/\/audiowo.com\/lv\/wp-json\/wp\/v2\/track-category"}],"about":[{"href":"https:\/\/audiowo.com\/lv\/wp-json\/wp\/v2\/taxonomies\/track-category"}],"wp:post_type":[{"href":"https:\/\/audiowo.com\/lv\/wp-json\/wp\/v2\/track?track-category=280"}],"curies":[{"name":"wp","href":"https:\/\/api.w.org\/{rel}","templated":true}]}}