{"id":390,"count":1,"description":"Korporat\u012bv\u0101 m\u016bzika","link":"https:\/\/audiowo.com\/lv\/track-category\/korporativa-muzika\/","name":"Korporat\u012bv\u0101 m\u016bzika","slug":"korporativa-muzika","taxonomy":"track-category","meta":[],"acf":[],"_links":{"self":[{"href":"https:\/\/audiowo.com\/lv\/wp-json\/wp\/v2\/track-category\/390","targetHints":{"allow":["GET"]}}],"collection":[{"href":"https:\/\/audiowo.com\/lv\/wp-json\/wp\/v2\/track-category"}],"about":[{"href":"https:\/\/audiowo.com\/lv\/wp-json\/wp\/v2\/taxonomies\/track-category"}],"wp:post_type":[{"href":"https:\/\/audiowo.com\/lv\/wp-json\/wp\/v2\/track?track-category=390"}],"curies":[{"name":"wp","href":"https:\/\/api.w.org\/{rel}","templated":true}]}}