{"id":474,"count":4,"description":"Viegli klaus\u0101m\u0101 m\u016bzika","link":"https:\/\/audiowo.com\/lv\/track-category\/viegli-klausama\/","name":"Viegli klaus\u0101m\u0101","slug":"viegli-klausama","taxonomy":"track-category","meta":[],"acf":[],"_links":{"self":[{"href":"https:\/\/audiowo.com\/lv\/wp-json\/wp\/v2\/track-category\/474","targetHints":{"allow":["GET"]}}],"collection":[{"href":"https:\/\/audiowo.com\/lv\/wp-json\/wp\/v2\/track-category"}],"about":[{"href":"https:\/\/audiowo.com\/lv\/wp-json\/wp\/v2\/taxonomies\/track-category"}],"wp:post_type":[{"href":"https:\/\/audiowo.com\/lv\/wp-json\/wp\/v2\/track?track-category=474"}],"curies":[{"name":"wp","href":"https:\/\/api.w.org\/{rel}","templated":true}]}}